{"id":12902,"date":"2021-06-15T18:01:06","date_gmt":"2021-06-15T16:01:06","guid":{"rendered":"https:\/\/blog.laval-virtual.com\/?p=12902"},"modified":"2021-07-20T10:09:27","modified_gmt":"2021-07-20T08:09:27","slug":"laval-virtual-2021-hybrid-event-what-to-expect","status":"publish","type":"post","link":"https:\/\/blog.laval-virtual.com\/en\/laval-virtual-2021-hybrid-event-what-to-expect\/","title":{"rendered":"Laval Virtual 2021, hybrid event: what to expect?"},"content":{"rendered":"<p class=\"has-text-color has-very-dark-gray-color\"><strong>From 7 to 9 July, the Laval Virtual professional days take place at Espace Mayenne in Laval (Mayenne, France). For the first time in its more than 20 years of existence, the VR\/AR event will be held in both physical and virtual environments. What is the programme for this 23rd edition? What will happen in the virtual world of Laval Virtual World?&nbsp;<\/strong><\/p>\n\n\n\n<h2 class=\"wp-block-heading\"><\/h2><p><strong>What is a hybrid event?<\/strong><\/p>\n\n\n\n<p>Physical, virtual, hybrid&hellip; In recent times, events have taken very different forms. Before the global pandemic, physical events were the norm. Visitors would gather at a given physical location. During the lockdowns, virtual events have emerged: 100% online gatherings, i.e. video conferencing, live video, in a virtual world, etc. For example, a webinar is a virtual event.<\/p>\n\n\n\n<p><\/p><p>For some time now, organisers have been looking at the <strong>hybrid event<\/strong> solution. In this format, we find the excitement of a physical event, with the advantage of being able to increase its international reach with less carbon impact. An event therefore combines a face-to-face part with a remote part, with a similar, complementary or completely different programme.<\/p>\n\n\n\n<h2 class=\"wp-block-heading\"><\/h2><p><strong>Laval Virtual 2021: an unprecedented hybrid edition<\/strong><\/p>\n\n\n\n<p><\/p><p>Since 1999, the VR\/AR exhibition Laval Virtual has been held in the city of Laval, in Mayenne. In 2020, the event was exceptionally held virtually, with more than 11,000 people from around the world registering. This year, for the first time, Laval Virtual combines<strong> virtual and physical<\/strong>. <a href=\"https:\/\/blog.laval-virtual.com\/en\/the-23rd-edition-of-laval-virtual-to-be-held-in-july-2021\/\">For this 23rd edition<\/a>, the event will take place at the brand new <a href=\"https:\/\/www.espace-mayenne.fr\/\" target=\"_blank\" rel=\"noopener noreferrer\">Espace Mayenne<\/a> (2 rue Josephine Baker, 53000 Laval) and in the virtual world of Laval Virtual World.&nbsp;<\/p>\n\n\n\n<h3 class=\"wp-block-heading\"><\/h3><p><strong>The physical programme: exhibitors, conferences, networking events<\/strong><\/p>\n\n\n\n<p><\/p><p>From 7 to 9 July, the Laval Virtual exhibition will be held at the Espace Mayenne in Laval (Mayenne, France). Europe&rsquo;s largest VR\/AR exhibition is back with an exhibition space and a hundred or so <strong>international exhibitors<\/strong>. Visitors will be able to meet the <a href=\"https:\/\/www.laval-virtual.com\/exhibitors-2021\/\" target=\"_blank\" rel=\"noopener noreferrer\">exhibitors<\/a>, discuss with them and discover their new products. In the exhibition area, visitors will also be able to discover avant-garde projects and emerging start-ups in the ReVolution Pavilions.<\/p>\n\n\n\n<p><\/p><p>In parallel, during the three days, <a href=\"https:\/\/www.laval-virtual.com\/attend-conferences\/\" target=\"_blank\" rel=\"noopener noreferrer\">4 cycles of conferences<\/a> are also held at Espace Mayenne: VRtical, TransVRsal, ConVRgence and Tech Talks. International <a href=\"https:\/\/www.laval-virtual.com\/speakers-2021\/\" target=\"_blank\" rel=\"noopener noreferrer\">speakers<\/a> will share their<strong> expertise on VR\/AR<\/strong>, covering many <a href=\"https:\/\/www.laval-virtual.com\/conference-topics\/\" target=\"_blank\" rel=\"noopener noreferrer\">themes<\/a>. A large programme of conferences is planned on the 7th and 8th all day, and on the morning of the 9th of July.&nbsp;<\/p>\n\n\n\n<p><\/p><p>In the evening, several events are scheduled for the entire international VR\/AR community<strong> to meet and exchange<\/strong>. On Wednesday 7 July, the traditional LV Party kicks off the event on the square in front of the Ch&acirc;teau-Neuf de Laval (<a href=\"https:\/\/www.google.com\/maps\/place\/Place+de+la+Tremoille,+53000+Laval\/@48.068775,-0.7746996,17z\/data=!3m1!4b1!4m5!3m4!1s0x4808fdf263d4056f:0x7ecf78ce47e8f12b!8m2!3d48.068775!4d-0.7725109?hl=fr&amp;shorturl=1\" target=\"_blank\" rel=\"noopener noreferrer\">Place de la Tr&eacute;moille<\/a>). It will be a moment of celebration and reunion, and the opportunity to meet the exhibitors and speakers. On Thursday evening, the <a href=\"https:\/\/www.laval-virtual.com\/laval-virtual-awards-call-2021\/\" target=\"_blank\" rel=\"noopener noreferrer\">Awards<\/a> ceremony will reward 12 VR\/AR projects. Don&rsquo;t forget on Tuesday 6 July, just before the professional days, the <a href=\"https:\/\/evenements.ouest-france.fr\/assisesethiquetechnologies\/\" target=\"_blank\" rel=\"noopener noreferrer\">Assises de l&rsquo;&Eacute;thique<\/a>: a day of conferences on the ethics of future technologies.<\/p>\n\n\n\n<div class=\"wp-block-image\"><figure class=\"aligncenter is-resized\"><img loading=\"lazy\" decoding=\"async\" src=\"https:\/\/blog.laval-virtual.com\/wp-content\/uploads\/2021\/06\/laval-virtual-europe-2021-networking-vr-ar-evenement-hybride.jpeg\" alt=\"\" class=\"wp-image-12885\" width=\"586\" height=\"390\"\/><figcaption>The 23rd edition of Laval Virtual will be placed under the sign of reunion and conviviality.<\/figcaption><\/figure><\/div>\n\n\n\n<h3 class=\"wp-block-heading\"><\/h3><p><strong>What will you find at Laval Virtual World?<\/strong><\/p>\n\n\n\n<p><\/p><p>A second part of the event will take place in the Laval Virtual World. The Laval Virtual World is a <strong>virtual world<\/strong> created in April 2020, with several spaces accessible to visitors who embody avatars. For the occasion, a free pass is available for visitors who simply want <a href=\"https:\/\/www.laval-virtual.com\/access-virtual-event\/\" target=\"_blank\" rel=\"noopener noreferrer\">to attend the virtual event<\/a>.&nbsp;<\/p>\n\n\n\n<p>From 7 to 9 July, Laval Virtual World will offer :<\/p>\n\n\n\n<ul class=\"wp-block-list\"><li>An exhibition area with virtual exhibitors: every day from 10:30 to 12:30 and from 16:00 to 18:00, a meeting with the exhibitors is organised.&nbsp;<\/li><li>Professional conferences: the TransVRsal, ConVRgence and Tech Talks tracks will take place in the Laval Virtual World.<\/li><li>Networking and meeting moments: networking break, treasure hunt and festive evenings are on the programme of the 3 virtual days.<\/li><\/ul>\n\n\n\n<div style=\"height:20px\" aria-hidden=\"true\" class=\"wp-block-spacer\"><\/div>\n\n\n\n<div class=\"wp-block-button aligncenter\"><a class=\"wp-block-button__link\" href=\"https:\/\/laval.digifactory.fr\/ticketing-0\/laval-virtual-europe\" target=\"_blank\" rel=\"noopener noreferrer\">Get your pass!<\/a><\/div>\n","protected":false},"excerpt":{"rendered":"<p>From 7 to 9 July, the Laval Virtual professional days take place at Espace Mayenne in Laval (Mayenne, France). For the first time in its more than 20 years of existence, the VR\/AR event will&hellip;<\/p>\n","protected":false},"author":3,"featured_media":12873,"comment_status":"closed","ping_status":"open","sticky":false,"template":"","format":"standard","meta":{"_acf_changed":false,"content-type":"","footnotes":""},"categories":[440,473],"tags":[181,196,202,508,568,629,672],"class_list":["post-12902","post","type-post","status-publish","format-standard","has-post-thumbnail","hentry","category-laval-virtual-en","category-news-en","tag-vr","tag-laval-virtual","tag-ar","tag-event","tag-virtual-worlds","tag-laval-virtual-2021","tag-virtual-events"],"acf":[],"yoast_head":"<!-- This site is optimized with the Yoast SEO plugin v26.3 - https:\/\/yoast.com\/wordpress\/plugins\/seo\/ -->\n<title>Laval Virtual 2021, hybrid event: what to expect? - Le Blog de Laval Virtual I Actus VR\/AR<\/title>\n<meta name=\"description\" content=\"From 7 to 9 July 2021, Laval Virtual takes place at Espace Mayenne in Laval (Mayenne, France). The VR\/AR event will be held in both physical and virtual formats.\" \/>\n<meta name=\"robots\" content=\"index, follow, max-snippet:-1, max-image-preview:large, max-video-preview:-1\" \/>\n<link rel=\"canonical\" href=\"https:\/\/blog.laval-virtual.com\/en\/laval-virtual-2021-hybrid-event-what-to-expect\/\" \/>\n<meta property=\"og:locale\" content=\"en_US\" \/>\n<meta property=\"og:type\" content=\"article\" \/>\n<meta property=\"og:title\" content=\"Laval Virtual 2021, hybrid event: what to expect? - Le Blog de Laval Virtual I Actus VR\/AR\" \/>\n<meta property=\"og:description\" content=\"From 7 to 9 July 2021, Laval Virtual takes place at Espace Mayenne in Laval (Mayenne, France). The VR\/AR event will be held in both physical and virtual formats.\" \/>\n<meta property=\"og:url\" content=\"https:\/\/blog.laval-virtual.com\/en\/laval-virtual-2021-hybrid-event-what-to-expect\/\" \/>\n<meta property=\"og:site_name\" content=\"Le Blog de Laval Virtual I Actus VR\/AR\" \/>\n<meta property=\"article:publisher\" content=\"https:\/\/www.facebook.com\/pg\/lavalvirtual\/\" \/>\n<meta property=\"article:published_time\" content=\"2021-06-15T16:01:06+00:00\" \/>\n<meta property=\"article:modified_time\" content=\"2021-07-20T08:09:27+00:00\" \/>\n<meta property=\"og:image\" content=\"https:\/\/blog.laval-virtual.com\/wp-content\/uploads\/2021\/06\/laval-virtual-europe-2021-vr-ar-evenement-hybride.jpg\" \/>\n\t<meta property=\"og:image:width\" content=\"1600\" \/>\n\t<meta property=\"og:image:height\" content=\"899\" \/>\n\t<meta property=\"og:image:type\" content=\"image\/jpeg\" \/>\n<meta name=\"author\" content=\"L\u00e9a Paule\" \/>\n<meta name=\"twitter:card\" content=\"summary_large_image\" \/>\n<meta name=\"twitter:creator\" content=\"@leaaple\" \/>\n<meta name=\"twitter:site\" content=\"@lavalvirtual\" \/>\n<meta name=\"twitter:label1\" content=\"Written by\" \/>\n\t<meta name=\"twitter:data1\" content=\"L\u00e9a Paule\" \/>\n\t<meta name=\"twitter:label2\" content=\"Est. reading time\" \/>\n\t<meta name=\"twitter:data2\" content=\"3 minutes\" \/>\n<script type=\"application\/ld+json\" class=\"yoast-schema-graph\">{\"@context\":\"https:\/\/schema.org\",\"@graph\":[{\"@type\":\"Article\",\"@id\":\"https:\/\/blog.laval-virtual.com\/en\/laval-virtual-2021-hybrid-event-what-to-expect\/#article\",\"isPartOf\":{\"@id\":\"https:\/\/blog.laval-virtual.com\/en\/laval-virtual-2021-hybrid-event-what-to-expect\/\"},\"author\":{\"name\":\"L\u00e9a Paule\",\"@id\":\"https:\/\/blog.laval-virtual.com\/#\/schema\/person\/2a381c8330ab91e22c1d503c23ddec17\"},\"headline\":\"Laval Virtual 2021, hybrid event: what to expect?\",\"datePublished\":\"2021-06-15T16:01:06+00:00\",\"dateModified\":\"2021-07-20T08:09:27+00:00\",\"mainEntityOfPage\":{\"@id\":\"https:\/\/blog.laval-virtual.com\/en\/laval-virtual-2021-hybrid-event-what-to-expect\/\"},\"wordCount\":645,\"publisher\":{\"@id\":\"https:\/\/blog.laval-virtual.com\/#organization\"},\"image\":{\"@id\":\"https:\/\/blog.laval-virtual.com\/en\/laval-virtual-2021-hybrid-event-what-to-expect\/#primaryimage\"},\"thumbnailUrl\":\"https:\/\/blog.laval-virtual.com\/wp-content\/uploads\/2021\/06\/laval-virtual-europe-2021-vr-ar-evenement-hybride.jpg\",\"keywords\":[\"vr\",\"laval virtual\",\"AR\",\"event\",\"virtual worlds\",\"laval virtual 2021\",\"virtual events\"],\"articleSection\":[\"Laval Virtual\",\"News\"],\"inLanguage\":\"en-US\"},{\"@type\":\"WebPage\",\"@id\":\"https:\/\/blog.laval-virtual.com\/en\/laval-virtual-2021-hybrid-event-what-to-expect\/\",\"url\":\"https:\/\/blog.laval-virtual.com\/en\/laval-virtual-2021-hybrid-event-what-to-expect\/\",\"name\":\"Laval Virtual 2021, hybrid event: what to expect? - Le Blog de Laval Virtual I Actus VR\/AR\",\"isPartOf\":{\"@id\":\"https:\/\/blog.laval-virtual.com\/#website\"},\"primaryImageOfPage\":{\"@id\":\"https:\/\/blog.laval-virtual.com\/en\/laval-virtual-2021-hybrid-event-what-to-expect\/#primaryimage\"},\"image\":{\"@id\":\"https:\/\/blog.laval-virtual.com\/en\/laval-virtual-2021-hybrid-event-what-to-expect\/#primaryimage\"},\"thumbnailUrl\":\"https:\/\/blog.laval-virtual.com\/wp-content\/uploads\/2021\/06\/laval-virtual-europe-2021-vr-ar-evenement-hybride.jpg\",\"datePublished\":\"2021-06-15T16:01:06+00:00\",\"dateModified\":\"2021-07-20T08:09:27+00:00\",\"description\":\"From 7 to 9 July 2021, Laval Virtual takes place at Espace Mayenne in Laval (Mayenne, France). The VR\/AR event will be held in both physical and virtual formats.\",\"breadcrumb\":{\"@id\":\"https:\/\/blog.laval-virtual.com\/en\/laval-virtual-2021-hybrid-event-what-to-expect\/#breadcrumb\"},\"inLanguage\":\"en-US\",\"potentialAction\":[{\"@type\":\"ReadAction\",\"target\":[\"https:\/\/blog.laval-virtual.com\/en\/laval-virtual-2021-hybrid-event-what-to-expect\/\"]}]},{\"@type\":\"ImageObject\",\"inLanguage\":\"en-US\",\"@id\":\"https:\/\/blog.laval-virtual.com\/en\/laval-virtual-2021-hybrid-event-what-to-expect\/#primaryimage\",\"url\":\"https:\/\/blog.laval-virtual.com\/wp-content\/uploads\/2021\/06\/laval-virtual-europe-2021-vr-ar-evenement-hybride.jpg\",\"contentUrl\":\"https:\/\/blog.laval-virtual.com\/wp-content\/uploads\/2021\/06\/laval-virtual-europe-2021-vr-ar-evenement-hybride.jpg\",\"width\":1600,\"height\":899,\"caption\":\"Laval Virtual 2021, hybrid event on July 7-9\"},{\"@type\":\"BreadcrumbList\",\"@id\":\"https:\/\/blog.laval-virtual.com\/en\/laval-virtual-2021-hybrid-event-what-to-expect\/#breadcrumb\",\"itemListElement\":[{\"@type\":\"ListItem\",\"position\":1,\"name\":\"Home\",\"item\":\"https:\/\/blog.laval-virtual.com\/\"},{\"@type\":\"ListItem\",\"position\":2,\"name\":\"Laval Virtual 2021, hybrid event: what to expect?\"}]},{\"@type\":\"WebSite\",\"@id\":\"https:\/\/blog.laval-virtual.com\/#website\",\"url\":\"https:\/\/blog.laval-virtual.com\/\",\"name\":\"Le Blog de Laval Virtual I Actus VR\/AR\",\"description\":\"News, use cases and events about VR \/ AR\",\"publisher\":{\"@id\":\"https:\/\/blog.laval-virtual.com\/#organization\"},\"potentialAction\":[{\"@type\":\"SearchAction\",\"target\":{\"@type\":\"EntryPoint\",\"urlTemplate\":\"https:\/\/blog.laval-virtual.com\/?s={search_term_string}\"},\"query-input\":{\"@type\":\"PropertyValueSpecification\",\"valueRequired\":true,\"valueName\":\"search_term_string\"}}],\"inLanguage\":\"en-US\"},{\"@type\":\"Organization\",\"@id\":\"https:\/\/blog.laval-virtual.com\/#organization\",\"name\":\"Laval Virtual\",\"url\":\"https:\/\/blog.laval-virtual.com\/\",\"logo\":{\"@type\":\"ImageObject\",\"inLanguage\":\"en-US\",\"@id\":\"https:\/\/blog.laval-virtual.com\/#\/schema\/logo\/image\/\",\"url\":\"https:\/\/blog.laval-virtual.com\/wp-content\/uploads\/2019\/05\/laval-virtual_logo_business_intelligence-2.png\",\"contentUrl\":\"https:\/\/blog.laval-virtual.com\/wp-content\/uploads\/2019\/05\/laval-virtual_logo_business_intelligence-2.png\",\"width\":265,\"height\":61,\"caption\":\"Laval Virtual\"},\"image\":{\"@id\":\"https:\/\/blog.laval-virtual.com\/#\/schema\/logo\/image\/\"},\"sameAs\":[\"https:\/\/www.facebook.com\/pg\/lavalvirtual\/\",\"https:\/\/x.com\/lavalvirtual\",\"https:\/\/www.instagram.com\/lavalvirtual\/\",\"https:\/\/www.linkedin.com\/company\/laval-virtual\/\",\"https:\/\/www.youtube.com\/user\/lavalvirtual\",\"https:\/\/fr.wikipedia.org\/wiki\/Laval_Virtual\"]},{\"@type\":\"Person\",\"@id\":\"https:\/\/blog.laval-virtual.com\/#\/schema\/person\/2a381c8330ab91e22c1d503c23ddec17\",\"name\":\"L\u00e9a Paule\",\"image\":{\"@type\":\"ImageObject\",\"inLanguage\":\"en-US\",\"@id\":\"https:\/\/blog.laval-virtual.com\/#\/schema\/person\/image\/\",\"url\":\"https:\/\/secure.gravatar.com\/avatar\/aa4aec1e500ca5fa14a4366635dc6141?s=96&d=mm&r=g\",\"contentUrl\":\"https:\/\/secure.gravatar.com\/avatar\/aa4aec1e500ca5fa14a4366635dc6141?s=96&d=mm&r=g\",\"caption\":\"L\u00e9a Paule\"},\"description\":\"R\u00e9dactrice de contenus \u00e0 Laval Virtual. Obnubil\u00e9e par les adverbes et la ponctuation, les synonymes et les mots-clefs sont mes guides au quotidien. Chasseuse de cas d'usage inspirants sur la VR\/AR et les techniques immersives.\",\"sameAs\":[\"\/\/www.linkedin.com\/in\/leapaule\/\",\"https:\/\/x.com\/leaaple\"],\"url\":\"https:\/\/blog.laval-virtual.com\/en\/author\/lpaule\/\"}]}<\/script>\n<!-- \/ Yoast SEO plugin. -->","yoast_head_json":{"title":"Laval Virtual 2021, hybrid event: what to expect? - Le Blog de Laval Virtual I Actus VR\/AR","description":"From 7 to 9 July 2021, Laval Virtual takes place at Espace Mayenne in Laval (Mayenne, France). The VR\/AR event will be held in both physical and virtual formats.","robots":{"index":"index","follow":"follow","max-snippet":"max-snippet:-1","max-image-preview":"max-image-preview:large","max-video-preview":"max-video-preview:-1"},"canonical":"https:\/\/blog.laval-virtual.com\/en\/laval-virtual-2021-hybrid-event-what-to-expect\/","og_locale":"en_US","og_type":"article","og_title":"Laval Virtual 2021, hybrid event: what to expect? - Le Blog de Laval Virtual I Actus VR\/AR","og_description":"From 7 to 9 July 2021, Laval Virtual takes place at Espace Mayenne in Laval (Mayenne, France). The VR\/AR event will be held in both physical and virtual formats.","og_url":"https:\/\/blog.laval-virtual.com\/en\/laval-virtual-2021-hybrid-event-what-to-expect\/","og_site_name":"Le Blog de Laval Virtual I Actus VR\/AR","article_publisher":"https:\/\/www.facebook.com\/pg\/lavalvirtual\/","article_published_time":"2021-06-15T16:01:06+00:00","article_modified_time":"2021-07-20T08:09:27+00:00","og_image":[{"width":1600,"height":899,"url":"https:\/\/blog.laval-virtual.com\/wp-content\/uploads\/2021\/06\/laval-virtual-europe-2021-vr-ar-evenement-hybride.jpg","type":"image\/jpeg"}],"author":"L\u00e9a Paule","twitter_card":"summary_large_image","twitter_creator":"@leaaple","twitter_site":"@lavalvirtual","twitter_misc":{"Written by":"L\u00e9a Paule","Est. reading time":"3 minutes"},"schema":{"@context":"https:\/\/schema.org","@graph":[{"@type":"Article","@id":"https:\/\/blog.laval-virtual.com\/en\/laval-virtual-2021-hybrid-event-what-to-expect\/#article","isPartOf":{"@id":"https:\/\/blog.laval-virtual.com\/en\/laval-virtual-2021-hybrid-event-what-to-expect\/"},"author":{"name":"L\u00e9a Paule","@id":"https:\/\/blog.laval-virtual.com\/#\/schema\/person\/2a381c8330ab91e22c1d503c23ddec17"},"headline":"Laval Virtual 2021, hybrid event: what to expect?","datePublished":"2021-06-15T16:01:06+00:00","dateModified":"2021-07-20T08:09:27+00:00","mainEntityOfPage":{"@id":"https:\/\/blog.laval-virtual.com\/en\/laval-virtual-2021-hybrid-event-what-to-expect\/"},"wordCount":645,"publisher":{"@id":"https:\/\/blog.laval-virtual.com\/#organization"},"image":{"@id":"https:\/\/blog.laval-virtual.com\/en\/laval-virtual-2021-hybrid-event-what-to-expect\/#primaryimage"},"thumbnailUrl":"https:\/\/blog.laval-virtual.com\/wp-content\/uploads\/2021\/06\/laval-virtual-europe-2021-vr-ar-evenement-hybride.jpg","keywords":["vr","laval virtual","AR","event","virtual worlds","laval virtual 2021","virtual events"],"articleSection":["Laval Virtual","News"],"inLanguage":"en-US"},{"@type":"WebPage","@id":"https:\/\/blog.laval-virtual.com\/en\/laval-virtual-2021-hybrid-event-what-to-expect\/","url":"https:\/\/blog.laval-virtual.com\/en\/laval-virtual-2021-hybrid-event-what-to-expect\/","name":"Laval Virtual 2021, hybrid event: what to expect? - Le Blog de Laval Virtual I Actus VR\/AR","isPartOf":{"@id":"https:\/\/blog.laval-virtual.com\/#website"},"primaryImageOfPage":{"@id":"https:\/\/blog.laval-virtual.com\/en\/laval-virtual-2021-hybrid-event-what-to-expect\/#primaryimage"},"image":{"@id":"https:\/\/blog.laval-virtual.com\/en\/laval-virtual-2021-hybrid-event-what-to-expect\/#primaryimage"},"thumbnailUrl":"https:\/\/blog.laval-virtual.com\/wp-content\/uploads\/2021\/06\/laval-virtual-europe-2021-vr-ar-evenement-hybride.jpg","datePublished":"2021-06-15T16:01:06+00:00","dateModified":"2021-07-20T08:09:27+00:00","description":"From 7 to 9 July 2021, Laval Virtual takes place at Espace Mayenne in Laval (Mayenne, France). The VR\/AR event will be held in both physical and virtual formats.","breadcrumb":{"@id":"https:\/\/blog.laval-virtual.com\/en\/laval-virtual-2021-hybrid-event-what-to-expect\/#breadcrumb"},"inLanguage":"en-US","potentialAction":[{"@type":"ReadAction","target":["https:\/\/blog.laval-virtual.com\/en\/laval-virtual-2021-hybrid-event-what-to-expect\/"]}]},{"@type":"ImageObject","inLanguage":"en-US","@id":"https:\/\/blog.laval-virtual.com\/en\/laval-virtual-2021-hybrid-event-what-to-expect\/#primaryimage","url":"https:\/\/blog.laval-virtual.com\/wp-content\/uploads\/2021\/06\/laval-virtual-europe-2021-vr-ar-evenement-hybride.jpg","contentUrl":"https:\/\/blog.laval-virtual.com\/wp-content\/uploads\/2021\/06\/laval-virtual-europe-2021-vr-ar-evenement-hybride.jpg","width":1600,"height":899,"caption":"Laval Virtual 2021, hybrid event on July 7-9"},{"@type":"BreadcrumbList","@id":"https:\/\/blog.laval-virtual.com\/en\/laval-virtual-2021-hybrid-event-what-to-expect\/#breadcrumb","itemListElement":[{"@type":"ListItem","position":1,"name":"Home","item":"https:\/\/blog.laval-virtual.com\/"},{"@type":"ListItem","position":2,"name":"Laval Virtual 2021, hybrid event: what to expect?"}]},{"@type":"WebSite","@id":"https:\/\/blog.laval-virtual.com\/#website","url":"https:\/\/blog.laval-virtual.com\/","name":"Le Blog de Laval Virtual I Actus VR\/AR","description":"News, use cases and events about VR \/ AR","publisher":{"@id":"https:\/\/blog.laval-virtual.com\/#organization"},"potentialAction":[{"@type":"SearchAction","target":{"@type":"EntryPoint","urlTemplate":"https:\/\/blog.laval-virtual.com\/?s={search_term_string}"},"query-input":{"@type":"PropertyValueSpecification","valueRequired":true,"valueName":"search_term_string"}}],"inLanguage":"en-US"},{"@type":"Organization","@id":"https:\/\/blog.laval-virtual.com\/#organization","name":"Laval Virtual","url":"https:\/\/blog.laval-virtual.com\/","logo":{"@type":"ImageObject","inLanguage":"en-US","@id":"https:\/\/blog.laval-virtual.com\/#\/schema\/logo\/image\/","url":"https:\/\/blog.laval-virtual.com\/wp-content\/uploads\/2019\/05\/laval-virtual_logo_business_intelligence-2.png","contentUrl":"https:\/\/blog.laval-virtual.com\/wp-content\/uploads\/2019\/05\/laval-virtual_logo_business_intelligence-2.png","width":265,"height":61,"caption":"Laval Virtual"},"image":{"@id":"https:\/\/blog.laval-virtual.com\/#\/schema\/logo\/image\/"},"sameAs":["https:\/\/www.facebook.com\/pg\/lavalvirtual\/","https:\/\/x.com\/lavalvirtual","https:\/\/www.instagram.com\/lavalvirtual\/","https:\/\/www.linkedin.com\/company\/laval-virtual\/","https:\/\/www.youtube.com\/user\/lavalvirtual","https:\/\/fr.wikipedia.org\/wiki\/Laval_Virtual"]},{"@type":"Person","@id":"https:\/\/blog.laval-virtual.com\/#\/schema\/person\/2a381c8330ab91e22c1d503c23ddec17","name":"L\u00e9a Paule","image":{"@type":"ImageObject","inLanguage":"en-US","@id":"https:\/\/blog.laval-virtual.com\/#\/schema\/person\/image\/","url":"https:\/\/secure.gravatar.com\/avatar\/aa4aec1e500ca5fa14a4366635dc6141?s=96&d=mm&r=g","contentUrl":"https:\/\/secure.gravatar.com\/avatar\/aa4aec1e500ca5fa14a4366635dc6141?s=96&d=mm&r=g","caption":"L\u00e9a Paule"},"description":"R\u00e9dactrice de contenus \u00e0 Laval Virtual. Obnubil\u00e9e par les adverbes et la ponctuation, les synonymes et les mots-clefs sont mes guides au quotidien. Chasseuse de cas d'usage inspirants sur la VR\/AR et les techniques immersives.","sameAs":["\/\/www.linkedin.com\/in\/leapaule\/","https:\/\/x.com\/leaaple"],"url":"https:\/\/blog.laval-virtual.com\/en\/author\/lpaule\/"}]}},"_links":{"self":[{"href":"https:\/\/blog.laval-virtual.com\/en\/wp-json\/wp\/v2\/posts\/12902","targetHints":{"allow":["GET"]}}],"collection":[{"href":"https:\/\/blog.laval-virtual.com\/en\/wp-json\/wp\/v2\/posts"}],"about":[{"href":"https:\/\/blog.laval-virtual.com\/en\/wp-json\/wp\/v2\/types\/post"}],"author":[{"embeddable":true,"href":"https:\/\/blog.laval-virtual.com\/en\/wp-json\/wp\/v2\/users\/3"}],"replies":[{"embeddable":true,"href":"https:\/\/blog.laval-virtual.com\/en\/wp-json\/wp\/v2\/comments?post=12902"}],"version-history":[{"count":5,"href":"https:\/\/blog.laval-virtual.com\/en\/wp-json\/wp\/v2\/posts\/12902\/revisions"}],"predecessor-version":[{"id":12908,"href":"https:\/\/blog.laval-virtual.com\/en\/wp-json\/wp\/v2\/posts\/12902\/revisions\/12908"}],"wp:featuredmedia":[{"embeddable":true,"href":"https:\/\/blog.laval-virtual.com\/en\/wp-json\/wp\/v2\/media\/12873"}],"wp:attachment":[{"href":"https:\/\/blog.laval-virtual.com\/en\/wp-json\/wp\/v2\/media?parent=12902"}],"wp:term":[{"taxonomy":"category","embeddable":true,"href":"https:\/\/blog.laval-virtual.com\/en\/wp-json\/wp\/v2\/categories?post=12902"},{"taxonomy":"post_tag","embeddable":true,"href":"https:\/\/blog.laval-virtual.com\/en\/wp-json\/wp\/v2\/tags?post=12902"}],"curies":[{"name":"wp","href":"https:\/\/api.w.org\/{rel}","templated":true}]}}